{"id":676,"date":"2017-08-15T10:51:23","date_gmt":"2017-08-15T08:51:23","guid":{"rendered":"http:\/\/bastelzeux.de\/?p=676"},"modified":"2017-08-15T10:51:23","modified_gmt":"2017-08-15T08:51:23","slug":"eine-tasche-muss-her","status":"publish","type":"post","link":"http:\/\/bastelzeux.de\/?p=676","title":{"rendered":"Eine Tasche muss her&#8230;"},"content":{"rendered":"<p><span style=\"color: #000000; font-family: Calibri;\">Hallo Ihr Lieben Bastelverr\u00fcckten ;o),<\/span><\/p>\n<p><span style=\"color: #000000; font-family: Calibri;\">\u00a0<\/span><\/p>\n<p><span style=\"color: #000000; font-family: Calibri;\">heute zeige ich Euch ein kleines T\u00e4schchen, dass sich super f\u00fcr Gutscheink\u00e4rtchen eignet.<\/span><\/p>\n<p><span style=\"color: #000000; font-family: Calibri;\">Eine liebe Kollegin hat vor kurzem Ihren 30. Geburtstag gefeiert und meine Kollegen\/-innen baten mich ein bisschen kreativ zu sein.<\/span><\/p>\n<p><span style=\"color: #000000; font-family: Calibri;\">Leider ist es nicht so einfach mit dem schenken und eine Standardgutscheinkarte sollte es nicht werden. Also haben wir gegr\u00fcbelt und gegr\u00fcbelt\u2026.<\/span><\/p>\n<p><span style=\"color: #000000; font-family: Calibri;\">Da die Liebe Schuhe und Taschen liebt, lag es nahe \u2026 eine Tasche muss her.<\/span><\/p>\n<p><span style=\"color: #000000; font-family: Calibri;\">\u00a0<\/span><\/p>\n<p><span style=\"color: #000000; font-family: Calibri;\">Also bin ich auf die Suche nach einer Taschenanleitung gegangen \u2026 f\u00fcndig geworden bin ich in meiner Swapkiste ;o).<\/span><\/p>\n<p><span style=\"color: #000000; font-family: Calibri;\">Nun hie\u00df es nachbasteln und ausprobieren\u2026..<\/span><\/p>\n<p><span style=\"color: #000000; font-family: Calibri;\">\u00a0<img decoding=\"async\" loading=\"lazy\" class=\"alignnone wp-image-629 size-large\" src=\"http:\/\/bastelzeux.de\/wp-content\/uploads\/2017\/08\/IMG_7378-e1502786718615-1024x792.jpg\" alt=\"\" width=\"343\" height=\"265\" srcset=\"http:\/\/bastelzeux.de\/wp-content\/uploads\/2017\/08\/IMG_7378-e1502786718615-1024x792.jpg 1024w, http:\/\/bastelzeux.de\/wp-content\/uploads\/2017\/08\/IMG_7378-e1502786718615-300x232.jpg 300w, http:\/\/bastelzeux.de\/wp-content\/uploads\/2017\/08\/IMG_7378-e1502786718615-768x594.jpg 768w\" sizes=\"(max-width: 343px) 100vw, 343px\" \/><\/span><\/p>\n<p><span style=\"color: #000000; font-family: Calibri;\">Das Sch\u00f6ne an der Tasche ist, der Taschenk\u00f6rper ist aus einem St\u00fcck Papier und muss nicht gro\u00df geschnitten oder geklebt werden.<\/span><\/p>\n<p><span style=\"color: #000000; font-family: Calibri;\">Einen Verschluss (ich habe selbstklebende Magnete genutzt) und ein sch\u00f6nes Band und fertig ist das Geschenk!<\/span><\/p>\n<p><img decoding=\"async\" loading=\"lazy\" class=\"alignnone wp-image-628 size-large\" src=\"http:\/\/bastelzeux.de\/wp-content\/uploads\/2017\/08\/IMG_7377-962x1024.jpg\" alt=\"\" width=\"343\" height=\"365\" srcset=\"http:\/\/bastelzeux.de\/wp-content\/uploads\/2017\/08\/IMG_7377-962x1024.jpg 962w, http:\/\/bastelzeux.de\/wp-content\/uploads\/2017\/08\/IMG_7377-282x300.jpg 282w, http:\/\/bastelzeux.de\/wp-content\/uploads\/2017\/08\/IMG_7377-768x817.jpg 768w\" sizes=\"(max-width: 343px) 100vw, 343px\" \/><\/p>\n<p><img decoding=\"async\" loading=\"lazy\" class=\"alignnone wp-image-630 size-large\" src=\"http:\/\/bastelzeux.de\/wp-content\/uploads\/2017\/08\/IMG_7379-1024x768.jpg\" alt=\"\" width=\"343\" height=\"257\" srcset=\"http:\/\/bastelzeux.de\/wp-content\/uploads\/2017\/08\/IMG_7379-1024x768.jpg 1024w, http:\/\/bastelzeux.de\/wp-content\/uploads\/2017\/08\/IMG_7379-300x225.jpg 300w, http:\/\/bastelzeux.de\/wp-content\/uploads\/2017\/08\/IMG_7379-768x576.jpg 768w, http:\/\/bastelzeux.de\/wp-content\/uploads\/2017\/08\/IMG_7379-1576x1182.jpg 1576w, http:\/\/bastelzeux.de\/wp-content\/uploads\/2017\/08\/IMG_7379-776x584.jpg 776w\" sizes=\"(max-width: 343px) 100vw, 343px\" \/><\/p>\n<p><span style=\"color: #000000; font-family: Calibri;\">Eine Anleitung mit den Ma\u00dfen folgt in K\u00fcrze.<\/span><\/p>\n<p><span style=\"color: #000000; font-family: Calibri;\">Viel Spa\u00df beim Basteln\u2026<\/span><\/p>\n<p><span style=\"color: #000000; font-family: Calibri;\">\u00a0<\/span><\/p>\n<p><span style=\"color: #000000; font-family: Calibri;\">Eure Antje<\/span><\/p>\n<p>&nbsp;<\/p>\n","protected":false},"excerpt":{"rendered":"<p>Hallo Ihr Lieben Bastelverr\u00fcckten ;o), \u00a0 heute zeige ich Euch ein kleines T\u00e4schchen, dass sich super f\u00fcr&#8230;<\/p>\n","protected":false},"author":1,"featured_media":626,"comment_status":"open","ping_status":"open","sticky":false,"template":"","format":"standard","meta":[],"categories":[1],"tags":[],"_links":{"self":[{"href":"http:\/\/bastelzeux.de\/index.php?rest_route=\/wp\/v2\/posts\/676"}],"collection":[{"href":"http:\/\/bastelzeux.de\/index.php?rest_route=\/wp\/v2\/posts"}],"about":[{"href":"http:\/\/bastelzeux.de\/index.php?rest_route=\/wp\/v2\/types\/post"}],"author":[{"embeddable":true,"href":"http:\/\/bastelzeux.de\/index.php?rest_route=\/wp\/v2\/users\/1"}],"replies":[{"embeddable":true,"href":"http:\/\/bastelzeux.de\/index.php?rest_route=%2Fwp%2Fv2%2Fcomments&post=676"}],"version-history":[{"count":2,"href":"http:\/\/bastelzeux.de\/index.php?rest_route=\/wp\/v2\/posts\/676\/revisions"}],"predecessor-version":[{"id":678,"href":"http:\/\/bastelzeux.de\/index.php?rest_route=\/wp\/v2\/posts\/676\/revisions\/678"}],"wp:featuredmedia":[{"embeddable":true,"href":"http:\/\/bastelzeux.de\/index.php?rest_route=\/wp\/v2\/media\/626"}],"wp:attachment":[{"href":"http:\/\/bastelzeux.de\/index.php?rest_route=%2Fwp%2Fv2%2Fmedia&parent=676"}],"wp:term":[{"taxonomy":"category","embeddable":true,"href":"http:\/\/bastelzeux.de\/index.php?rest_route=%2Fwp%2Fv2%2Fcategories&post=676"},{"taxonomy":"post_tag","embeddable":true,"href":"http:\/\/bastelzeux.de\/index.php?rest_route=%2Fwp%2Fv2%2Ftags&post=676"}],"curies":[{"name":"wp","href":"https:\/\/api.w.org\/{rel}","templated":true}]}}