{"id":525,"date":"2017-03-06T10:49:03","date_gmt":"2017-03-06T08:49:03","guid":{"rendered":"http:\/\/bastelzeux.de\/?p=525"},"modified":"2017-03-06T10:49:03","modified_gmt":"2017-03-06T08:49:03","slug":"osterdeko","status":"publish","type":"post","link":"http:\/\/bastelzeux.de\/?p=525","title":{"rendered":"Osterdeko"},"content":{"rendered":"<p>Hallo liebe Bastelfreunde,<\/p>\n<p>heute zeige ich Euch ein erstes Osterprojekt. Es ist noch einige Zeit bis Ostern, aber man kann ja nie fr\u00fch genug beginnen ;o).<\/p>\n<p>Am Samstag hat sich meine Bastelpartygastgeberin Osterprojekte gew\u00fcnscht und so habe ich flei\u00dfig gewerkelt&#8230;<\/p>\n<p>Beginnen m\u00f6chte ich mit einer kleinen Osterdekoration, die entweder in einem Gesteck, einer Schale oder h\u00e4ngend in einem Stauss untergebracht werden kann.<\/p>\n<p><img decoding=\"async\" loading=\"lazy\" class=\"size-medium wp-image-518 alignnone\" src=\"http:\/\/bastelzeux.de\/wp-content\/uploads\/2017\/02\/IMG_5598-e1488374566217-227x300.jpg\" alt=\"\" width=\"227\" height=\"300\" srcset=\"http:\/\/bastelzeux.de\/wp-content\/uploads\/2017\/02\/IMG_5598-e1488374566217-227x300.jpg 227w, http:\/\/bastelzeux.de\/wp-content\/uploads\/2017\/02\/IMG_5598-e1488374566217-768x1013.jpg 768w, http:\/\/bastelzeux.de\/wp-content\/uploads\/2017\/02\/IMG_5598-e1488374566217-776x1024.jpg 776w, http:\/\/bastelzeux.de\/wp-content\/uploads\/2017\/02\/IMG_5598-e1488374566217.jpg 1868w\" sizes=\"(max-width: 227px) 100vw, 227px\" \/><\/p>\n<p>Hierf\u00fcr habe ich als Basis einige sch\u00f6ne Federn ausgew\u00e4hlt, von denen ich eine mit dem Gru\u00df \u201eFrohe Ostern\u201c bestempelt habe. Verwendet habe ich das Stempelset &#8222;Labeler Alphabet&#8220; und das Memento Stempelkissen. Die Farbe ist sofort trocken und es ist \u00fcberhaupt keine Thema gewesen.<img decoding=\"async\" loading=\"lazy\" class=\"wp-image-521 size-large alignright\" src=\"http:\/\/bastelzeux.de\/wp-content\/uploads\/2017\/02\/IMG_5600-e1488374598105-1024x655.jpg\" width=\"343\" height=\"219\" srcset=\"http:\/\/bastelzeux.de\/wp-content\/uploads\/2017\/02\/IMG_5600-e1488374598105-1024x655.jpg 1024w, http:\/\/bastelzeux.de\/wp-content\/uploads\/2017\/02\/IMG_5600-e1488374598105-300x192.jpg 300w, http:\/\/bastelzeux.de\/wp-content\/uploads\/2017\/02\/IMG_5600-e1488374598105-768x491.jpg 768w\" sizes=\"(max-width: 343px) 100vw, 343px\" \/><\/p>\n<p>Zur Verzierung habe ich die Libelle aus dem aktuellen Fr\u00fchjahrs- und Sommerkatalog und das Glitzerpapier Kirschbl\u00fcte\u00a0gew\u00e4hlt. Ein paar Pailletten runden das Projekt ab.<\/p>\n<p>Auch hier sind der Fantasie keinen Grenzen gesetzt&#8230;<\/p>\n<p>Viele Gr\u00fc\u00dfe,<\/p>\n<p>Eure Antje.<\/p>\n","protected":false},"excerpt":{"rendered":"<p>Hallo liebe Bastelfreunde, heute zeige ich Euch ein erstes Osterprojekt. Es ist noch einige Zeit bis Ostern,&#8230;<\/p>\n","protected":false},"author":1,"featured_media":520,"comment_status":"open","ping_status":"open","sticky":false,"template":"","format":"standard","meta":[],"categories":[1],"tags":[],"_links":{"self":[{"href":"http:\/\/bastelzeux.de\/index.php?rest_route=\/wp\/v2\/posts\/525"}],"collection":[{"href":"http:\/\/bastelzeux.de\/index.php?rest_route=\/wp\/v2\/posts"}],"about":[{"href":"http:\/\/bastelzeux.de\/index.php?rest_route=\/wp\/v2\/types\/post"}],"author":[{"embeddable":true,"href":"http:\/\/bastelzeux.de\/index.php?rest_route=\/wp\/v2\/users\/1"}],"replies":[{"embeddable":true,"href":"http:\/\/bastelzeux.de\/index.php?rest_route=%2Fwp%2Fv2%2Fcomments&post=525"}],"version-history":[{"count":3,"href":"http:\/\/bastelzeux.de\/index.php?rest_route=\/wp\/v2\/posts\/525\/revisions"}],"predecessor-version":[{"id":529,"href":"http:\/\/bastelzeux.de\/index.php?rest_route=\/wp\/v2\/posts\/525\/revisions\/529"}],"wp:featuredmedia":[{"embeddable":true,"href":"http:\/\/bastelzeux.de\/index.php?rest_route=\/wp\/v2\/media\/520"}],"wp:attachment":[{"href":"http:\/\/bastelzeux.de\/index.php?rest_route=%2Fwp%2Fv2%2Fmedia&parent=525"}],"wp:term":[{"taxonomy":"category","embeddable":true,"href":"http:\/\/bastelzeux.de\/index.php?rest_route=%2Fwp%2Fv2%2Fcategories&post=525"},{"taxonomy":"post_tag","embeddable":true,"href":"http:\/\/bastelzeux.de\/index.php?rest_route=%2Fwp%2Fv2%2Ftags&post=525"}],"curies":[{"name":"wp","href":"https:\/\/api.w.org\/{rel}","templated":true}]}}