{"id":298,"date":"2016-03-14T14:03:30","date_gmt":"2016-03-14T12:03:30","guid":{"rendered":"http:\/\/bastelzeux.de\/?p=298"},"modified":"2016-03-14T14:53:12","modified_gmt":"2016-03-14T12:53:12","slug":"blumengruss","status":"publish","type":"post","link":"http:\/\/bastelzeux.de\/?p=298","title":{"rendered":"Blumengru\u00df"},"content":{"rendered":"<p>Hallo zusammen,<\/p>\n<p>das Jahr ist nun schon\u00a0einige Monate alt und der Januar ist bei mir immer etwas ruhiger an der Kreativfront. Ich habe mich \u00fcberwiegend organisatorischen Dingen zugewandt und endlich die Rubrik Workshops mit allem was dazu geh\u00f6rt auf die Beine gestellt. Trotzdem m\u00f6chte ich euch endlich erste Werke mit den neuen Produkten des Fr\u00fchjahrs- und Sommerkatalog zeigen.<\/p>\n<p><img decoding=\"async\" loading=\"lazy\" class=\"alignnone size-medium wp-image-294\" src=\"http:\/\/bastelzeux.de\/wp-content\/uploads\/2016\/02\/Blume1-264x300.jpg\" alt=\"Blume1\" width=\"264\" height=\"300\" srcset=\"http:\/\/bastelzeux.de\/wp-content\/uploads\/2016\/02\/Blume1-264x300.jpg 264w, http:\/\/bastelzeux.de\/wp-content\/uploads\/2016\/02\/Blume1.jpg 737w\" sizes=\"(max-width: 264px) 100vw, 264px\" \/><img decoding=\"async\" loading=\"lazy\" class=\"alignnone size-medium wp-image-292\" src=\"http:\/\/bastelzeux.de\/wp-content\/uploads\/2016\/02\/Blume4-254x300.jpg\" alt=\"Blume4\" width=\"254\" height=\"300\" srcset=\"http:\/\/bastelzeux.de\/wp-content\/uploads\/2016\/02\/Blume4-254x300.jpg 254w, http:\/\/bastelzeux.de\/wp-content\/uploads\/2016\/02\/Blume4.jpg 598w\" sizes=\"(max-width: 254px) 100vw, 254px\" \/><\/p>\n<p>Hier habe ich das neue Set &#8222;Botanischer Garten&#8220; verwendet und einen kleinen Blumengru\u00df im Topf kreiert. Das Set hat es mir besonders angetan und es werden mit Sicherheit noch viele sch\u00f6ne Projekte folgen ;o).<\/p>\n<p>Seid gespannt &#8230;..<\/p>\n<p>&nbsp;<\/p>\n<p>Viele Gr\u00fc\u00dfe<\/p>\n<p>Eure Antje<\/p>\n","protected":false},"excerpt":{"rendered":"<p>Hallo zusammen, das Jahr ist nun schon\u00a0einige Monate alt und der Januar ist bei mir immer etwas&#8230;<\/p>\n","protected":false},"author":1,"featured_media":296,"comment_status":"open","ping_status":"open","sticky":false,"template":"","format":"standard","meta":[],"categories":[1],"tags":[],"_links":{"self":[{"href":"http:\/\/bastelzeux.de\/index.php?rest_route=\/wp\/v2\/posts\/298"}],"collection":[{"href":"http:\/\/bastelzeux.de\/index.php?rest_route=\/wp\/v2\/posts"}],"about":[{"href":"http:\/\/bastelzeux.de\/index.php?rest_route=\/wp\/v2\/types\/post"}],"author":[{"embeddable":true,"href":"http:\/\/bastelzeux.de\/index.php?rest_route=\/wp\/v2\/users\/1"}],"replies":[{"embeddable":true,"href":"http:\/\/bastelzeux.de\/index.php?rest_route=%2Fwp%2Fv2%2Fcomments&post=298"}],"version-history":[{"count":3,"href":"http:\/\/bastelzeux.de\/index.php?rest_route=\/wp\/v2\/posts\/298\/revisions"}],"predecessor-version":[{"id":302,"href":"http:\/\/bastelzeux.de\/index.php?rest_route=\/wp\/v2\/posts\/298\/revisions\/302"}],"wp:featuredmedia":[{"embeddable":true,"href":"http:\/\/bastelzeux.de\/index.php?rest_route=\/wp\/v2\/media\/296"}],"wp:attachment":[{"href":"http:\/\/bastelzeux.de\/index.php?rest_route=%2Fwp%2Fv2%2Fmedia&parent=298"}],"wp:term":[{"taxonomy":"category","embeddable":true,"href":"http:\/\/bastelzeux.de\/index.php?rest_route=%2Fwp%2Fv2%2Fcategories&post=298"},{"taxonomy":"post_tag","embeddable":true,"href":"http:\/\/bastelzeux.de\/index.php?rest_route=%2Fwp%2Fv2%2Ftags&post=298"}],"curies":[{"name":"wp","href":"https:\/\/api.w.org\/{rel}","templated":true}]}}